{"id":1021,"date":"2025-06-27T18:24:56","date_gmt":"2025-06-27T16:24:56","guid":{"rendered":"https:\/\/cercledurenouvellementspirituel.org\/?p=1021"},"modified":"2025-11-03T11:30:56","modified_gmt":"2025-11-03T10:30:56","slug":"le-propre-de-lhomme-partie-1","status":"publish","type":"post","link":"https:\/\/cercledurenouvellementspirituel.org\/?p=1021","title":{"rendered":"Le propre de l&#8217;Homme &#8211; Partie 1 &#8211; Luc"},"content":{"rendered":"<p>Luc introduit et nous pr\u00e9sente sa vision sur le th\u00e8me <em><strong>Le propre de l&#8217;Homme <\/strong><\/em>et un premier tour de table est effectu\u00e9.<\/p>\n<div class=\"su-youtube su-u-responsive-media-yes\"><iframe loading=\"lazy\" width=\"600\" height=\"400\" src=\"https:\/\/www.youtube.com\/embed\/XdgzCER9OAo?\" frameborder=\"0\" allowfullscreen allow=\"autoplay; encrypted-media; picture-in-picture\" title=\"Le propre de l&#039;Homme - 1\"><\/iframe><\/div>\n<a href=\"https:\/\/cercledurenouvellementspirituel.org\/wp-content\/uploads\/2025\/06\/Le-propre-de-lHomme-20250627.pdf\" class=\"su-button su-button-style-default\" style=\"color:#FFFFFF;background-color:#b31166;border-color:#900e52;border-radius:5px\" target=\"_blank\" rel=\"noopener noreferrer\"><span style=\"color:#FFFFFF;padding:6px 16px;font-size:13px;line-height:20px;border-color:#ca5994;border-radius:5px;text-shadow:none\"><i class=\"sui sui-file-pdf-o\" style=\"font-size:13px;color:#FFFFFF\"><\/i> Le PDF de la pr\u00e9sentation de Luc<\/span><\/a>\n<div class=\"su-expand su-expand-collapsed su-expand-link-style-default\" data-height=\"150\"><div class=\"su-expand-content su-u-trim\" style=\"color:#333333;max-height:150px;overflow:hidden\">\n<p><span style=\"text-decoration: underline\"><strong>Liens recommand\u00e9s :<\/strong><\/span><\/p>\n<ul>\n<li><em><strong>L&#8217;Orque : Le Plus Redoutable des Pr\u00e9dateurs<\/strong><\/em> [Virgule Animale]\n<ul>\n<li><a href=\"https:\/\/youtu.be\/1laVrla1T_U\" target=\"_blank\" rel=\"noopener\">https:\/\/youtu.be\/1laVrla1T_U<\/a><\/li>\n<\/ul>\n<\/li>\n<li><em><strong>Beyong Words &#8211; What Animals Think and Feel<\/strong><\/em> [Carl Safina]\n<ul>\n<li><a href=\"https:\/\/www.amazon.fr\/Beyond-Words-What-Animals-Think\/dp\/B01DMZX1L4\" target=\"_blank\" rel=\"noopener\">https:\/\/www.amazon.fr\/Beyond-Words-What-Animals-Think\/dp\/B01DMZX1L4<\/a><\/li>\n<\/ul>\n<\/li>\n<li><a href=\"https:\/\/cercledurenouvellementspirituel.org\/?p=982\">L&#8217;Anthropocentrisme dans les religions (s\u00e9ance du CDRS)<\/a><\/li>\n<\/ul>\n<\/div><div class=\"su-expand-link su-expand-link-more\" style=\"text-align:left\"><a href=\"javascript:;\" style=\"color:#b31166;border-color:#b31166\"><i class=\"sui sui-arrow-circle-down\" style=\"\" aria-label=\"\"><\/i><span style=\"border-color:#b31166\">Afficher plus<\/span><\/a><\/div><div class=\"su-expand-link su-expand-link-less\" style=\"text-align:left\"><a href=\"javascript:;\" style=\"color:#b31166;border-color:#b31166\"><i class=\"sui sui-arrow-circle-up\" style=\"\" aria-label=\"\"><\/i><span style=\"border-color:#b31166\">Afficher moins<\/span><\/a><\/div><\/div>\n<div class=\"su-expand su-expand-collapsed su-expand-link-style-default\" data-height=\"150\"><div class=\"su-expand-content su-u-trim\" style=\"color:#333333;max-height:150px;overflow:hidden\">\n<p><span style=\"text-decoration: underline\"><strong>R\u00e9f\u00e9rences philosophiques<\/strong><\/span><\/p>\n<ul data-editing-info=\"{&quot;applyListStyleFromLevel&quot;:true}\">\n<li>\n<div class=\"x_elementToProof\" role=\"presentation\">Wikip\u00e9dia<\/div>\n<ul data-editing-info=\"{&quot;applyListStyleFromLevel&quot;:true}\">\n<li>\n<div class=\"x_elementToProof\" role=\"presentation\"><a id=\"OWAee09003a-024d-be32-635d-4ec20ad58730\" class=\"x_OWAAutoLink\" title=\"https:\/\/fr.wikipedia.org\/wiki\/Propre_de_l%27homme\" href=\"https:\/\/fr.wikipedia.org\/wiki\/Propre_de_l%27homme\" target=\"_blank\" rel=\"noopener noreferrer\" data-auth=\"NotApplicable\" data-linkindex=\"0\">https:\/\/fr.wikipedia.org\/wiki\/Propre_de_l%27homme<\/a><\/div>\n<\/li>\n<li>\n<div class=\"x_elementToProof\" role=\"presentation\">Rabelais : le rire<\/div>\n<\/li>\n<li>\n<div class=\"x_elementToProof\" role=\"presentation\">Aristote : le rire (sur interpr\u00e9tation)<\/div>\n<\/li>\n<\/ul>\n<\/li>\n<li>\n<div class=\"x_elementToProof\" role=\"presentation\"><em><strong>Le propre de l&#8217;homme. Entre le corps et l&#8217;esprit<\/strong><\/em> [Magasine Sciences Humaines]<\/div>\n<ul data-editing-info=\"{&quot;applyListStyleFromLevel&quot;:true}\">\n<li>\n<div class=\"x_elementToProof\" role=\"presentation\"><a id=\"LPlnk241517\" class=\"x_OWAAutoLink\" title=\"https:\/\/www.scienceshumaines.com\/le-propre-de-l-homme-entre-le-corps-et-l-esprit_fr_28851.html\" href=\"https:\/\/www.scienceshumaines.com\/le-propre-de-l-homme-entre-le-corps-et-l-esprit_fr_28851.html\" target=\"_blank\" rel=\"noopener noreferrer\" data-auth=\"NotApplicable\" data-linkindex=\"1\" data-olk-copy-source=\"MessageBody\">https:\/\/www.scienceshumaines.com\/le-propre-de-l-homme-entre-le-corps-et-l-esprit_fr_28851.html<\/a><\/div>\n<\/li>\n<li>\n<div class=\"x_elementToProof\" role=\"presentation\">Aristote : homme &#8220;animal politique&#8221; (c-\u00e0-d social)<\/div>\n<\/li>\n<li>\n<div class=\"x_elementToProof\" role=\"presentation\">Aristote : &#8220;homme, seul de tous les animaux, poss\u00e8de la parole&#8221;<\/div>\n<\/li>\n<li>\n<div class=\"x_elementToProof\" role=\"presentation\">=&gt; Consid\u00e8re l&#8217;homme comme un animal<\/div>\n<\/li>\n<\/ul>\n<\/li>\n<li>\n<div class=\"x_elementToProof\" role=\"presentation\"><em><strong>\u00ab Le propre de l\u2019Homme \u00bb : que signifie cette expression ?<\/strong><\/em> [Fran\u00e7ois Verheggen Professeur d&#8217;\u00e9thologie \u00e0 l&#8217;Universit\u00e9 de Li\u00e8ge]<\/div>\n<ul data-editing-info=\"{&quot;applyListStyleFromLevel&quot;:true}\">\n<li>\n<div class=\"x_elementToProof\" role=\"presentation\"><a id=\"OWA558c3d74-d57b-e9c0-575d-d8718c79983f\" class=\"x_OWAAutoLink\" title=\"https:\/\/www.science-et-vie.com\/nature-et-environnement\/animaux\/le-propre-de-homme-que-signifie-cette-expression-117187.html\" href=\"https:\/\/www.science-et-vie.com\/nature-et-environnement\/animaux\/le-propre-de-homme-que-signifie-cette-expression-117187.html\" target=\"_blank\" rel=\"noopener noreferrer\" data-auth=\"NotApplicable\" data-linkindex=\"2\" data-olk-copy-source=\"MessageBody\">https:\/\/www.science-et-vie.com\/nature-et-environnement\/animaux\/le-propre-de-homme-que-signifie-cette-expression-117187.html<\/a><\/div>\n<\/li>\n<li>\n<div class=\"x_elementToProof\" role=\"presentation\">Aristote : \u00e2me intellective<\/div>\n<\/li>\n<li>\n<div class=\"x_elementToProof\" role=\"presentation\">Issue de dieu<\/div>\n<\/li>\n<li>\n<div class=\"x_elementToProof\" role=\"presentation\">Descartes : Langage<\/div>\n<\/li>\n<li>\n<div class=\"x_elementToProof\" role=\"presentation\">Brisure avec Darwin<\/div>\n<\/li>\n<\/ul>\n<\/li>\n<li><em><strong>Le propre de l&#8217;homme et l&#8217;\u00e9volution<\/strong><\/em> [Eric Charmetant]\n<ul data-editing-info=\"{&quot;applyListStyleFromLevel&quot;:true}\">\n<li><a href=\"https:\/\/shs.cairn.info\/revue-etudes-2008-7-page-51?lang=fr#s1n5\" target=\"_blank\" rel=\"noopener\">https:\/\/shs.cairn.info\/revue-etudes-2008-7-page-51?lang=fr#s1n5<\/a><\/li>\n<li>L&#8217;ultrasocialit\u00e9 (tr\u00e8s grands groupes)<\/li>\n<\/ul>\n<\/li>\n<li><em><strong>Pour en finir avec le \u00ab propre de l\u2019Homme \u00bb<\/strong> <\/em>[Cl\u00e9ment Nestour]\n<ul data-editing-info=\"{&quot;applyListStyleFromLevel&quot;:true}\">\n<li><a href=\"https:\/\/www.indesciences.com\/pour-en-finir-avec-le-propre-de-lhomme\/\" target=\"_blank\" rel=\"noopener\">https:\/\/www.indesciences.com\/pour-en-finir-avec-le-propre-de-lhomme\/<\/a><\/li>\n<\/ul>\n<\/li>\n<li><strong>Mati\u00e8re et R\u00e9volution<\/strong> [Robert Paris]\n<ul data-editing-info=\"{&quot;applyListStyleFromLevel&quot;:true}\">\n<li><em><strong>Qu\u2019est-ce qui est le propre de l\u2019homme ?\u00a0<\/strong><\/em>\n<ul data-editing-info=\"{&quot;applyListStyleFromLevel&quot;:true}\">\n<li><a href=\"https:\/\/www.matierevolution.fr\/spip.php?article4270\" target=\"_blank\" rel=\"noopener\">https:\/\/www.matierevolution.fr\/spip.php?article4270<\/a><\/li>\n<li>Citations de Derrida et de Marx notamment.<\/li>\n<\/ul>\n<\/li>\n<li><em><strong>Des singes et des hommes &#8211; Vrai ou faux ?<\/strong><\/em>\n<ul data-editing-info=\"{&quot;applyListStyleFromLevel&quot;:true}\">\n<li><a href=\"https:\/\/www.matierevolution.org\/spip.php?article2766\" target=\"_blank\" rel=\"noopener\">https:\/\/www.matierevolution.org\/spip.php?article2766<\/a><\/li>\n<\/ul>\n<\/li>\n<li><em><strong>Ce que les singes nous apprennent sur la &#8220;nature humaine&#8221;&#8230;.<\/strong><\/em>\n<ul data-editing-info=\"{&quot;applyListStyleFromLevel&quot;:true}\">\n<li><a href=\"https:\/\/www.matierevolution.fr\/spip.php?article1613\" target=\"_blank\" rel=\"noopener\">https:\/\/www.matierevolution.fr\/spip.php?article1613<\/a><\/li>\n<\/ul>\n<\/li>\n<\/ul>\n<\/li>\n<\/ul>\n<\/div><div class=\"su-expand-link su-expand-link-more\" style=\"text-align:left\"><a href=\"javascript:;\" style=\"color:#b31166;border-color:#b31166\"><i class=\"sui sui-arrow-circle-down\" style=\"\" aria-label=\"\"><\/i><span style=\"border-color:#b31166\">Afficher plus<\/span><\/a><\/div><div class=\"su-expand-link su-expand-link-less\" style=\"text-align:left\"><a href=\"javascript:;\" style=\"color:#b31166;border-color:#b31166\"><i class=\"sui sui-arrow-circle-up\" style=\"\" aria-label=\"\"><\/i><span style=\"border-color:#b31166\">Afficher moins<\/span><\/a><\/div><\/div>\n<div class=\"su-expand su-expand-collapsed su-expand-link-style-default\" data-height=\"150\"><div class=\"su-expand-content su-u-trim\" style=\"color:#333333;max-height:150px;overflow:hidden\">\n<p><span style=\"text-decoration: underline\"><strong>R\u00e9f\u00e9rences scientifiques<\/strong><\/span><\/p>\n<ul data-editing-info=\"{&quot;applyListStyleFromLevel&quot;:true}\">\n<li>\n<div class=\"x_elementToProof\" role=\"presentation\"><em><strong>Le langage est-il le propre de l\u2019homme ? Apports des \u00e9tudes sur les primates non humains<\/strong> <\/em>[H\u00e9l\u00e8ne Bouchet, Camille Coye et Alban Lemasson &#8211; CNRS]<\/div>\n<ul data-editing-info=\"{&quot;applyListStyleFromLevel&quot;:true}\">\n<li><a href=\"https:\/\/www.tetralogiques.fr\/spip.php?article30\" target=\"_blank\" rel=\"noopener\">https:\/\/www.tetralogiques.fr\/spip.php?article30<\/a><\/li>\n<\/ul>\n<\/li>\n<li><em><strong>L\u2019intelligence abstraite n&#8217;est plus le propre de l&#8217;homme<\/strong><\/em> [Recherche &amp; Technologie]\n<ul data-editing-info=\"{&quot;applyListStyleFromLevel&quot;:true}\">\n<li><a href=\"https:\/\/www.rtflash.fr\/l-intelligence-abstraite-n-est-plus-propre-l-homme\/article\" target=\"_blank\" rel=\"noopener\">https:\/\/www.rtflash.fr\/l-intelligence-abstraite-n-est-plus-propre-l-homme\/article<\/a><\/li>\n<\/ul>\n<\/li>\n<li><em><strong>La qu\u00eate d\u00e9sesp\u00e9r\u00e9e des propres de l&#8217;homme<\/strong> <\/em>[Revue Epsiloon Hors S\u00e9rie N\u00b09]<\/li>\n<li><em><strong>Le premier homme<\/strong> <\/em>(Que sais-je ?) [Jules Carles]<\/li>\n<li><em><strong>7 p\u00e9ch\u00e9s animaux<\/strong><\/em> [Revue Science &amp; Vie &#8211; Mars 2022]<\/li>\n<\/ul>\n<\/div><div class=\"su-expand-link su-expand-link-more\" style=\"text-align:left\"><a href=\"javascript:;\" style=\"color:#b31166;border-color:#b31166\"><i class=\"sui sui-arrow-circle-down\" style=\"\" aria-label=\"\"><\/i><span style=\"border-color:#b31166\">Afficher plus<\/span><\/a><\/div><div class=\"su-expand-link su-expand-link-less\" style=\"text-align:left\"><a href=\"javascript:;\" style=\"color:#b31166;border-color:#b31166\"><i class=\"sui sui-arrow-circle-up\" style=\"\" aria-label=\"\"><\/i><span style=\"border-color:#b31166\">Afficher moins<\/span><\/a><\/div><\/div>\n<hr \/>\n<p><a href=\"\/\"><img loading=\"lazy\" decoding=\"async\" class=\"size-medium wp-image-117 aligncenter\" src=\"https:\/\/cercledurenouvellementspirituel.org\/wp-content\/uploads\/2023\/02\/Logo-06-300x300.png\" alt=\"\" width=\"300\" height=\"300\" srcset=\"https:\/\/cercledurenouvellementspirituel.org\/wp-content\/uploads\/2023\/02\/Logo-06-300x300.png 300w, https:\/\/cercledurenouvellementspirituel.org\/wp-content\/uploads\/2023\/02\/Logo-06-150x150.png 150w, https:\/\/cercledurenouvellementspirituel.org\/wp-content\/uploads\/2023\/02\/Logo-06.png 437w\" sizes=\"auto, (max-width: 300px) 100vw, 300px\" \/><\/a><\/p>\n","protected":false},"excerpt":{"rendered":"<p>Luc introduit et nous pr\u00e9sente sa vision sur le th\u00e8me Le propre de l&#8217;Homme et un premier tour de table est effectu\u00e9.<\/p>\n","protected":false},"author":2,"featured_media":1026,"comment_status":"open","ping_status":"closed","sticky":false,"template":"","format":"standard","meta":{"footnotes":""},"categories":[19],"tags":[46],"class_list":["post-1021","post","type-post","status-publish","format-standard","has-post-thumbnail","hentry","category-autres-debats","tag-homme"],"yoast_head":"<!-- This site is optimized with the Yoast SEO plugin v28.3 - https:\/\/yoast.com\/product\/yoast-seo-wordpress\/ -->\n<title>Le propre de l&#039;Homme - Partie 1 - Luc - Cercle Du Renouvellement Spirituel<\/title>\n<meta name=\"description\" content=\"Le propre de l&#039;Homme - Partie 1 - Luc\" \/>\n<meta name=\"robots\" content=\"index, follow, max-snippet:-1, max-image-preview:large, max-video-preview:-1\" \/>\n<link rel=\"canonical\" href=\"https:\/\/cercledurenouvellementspirituel.org\/?p=1021\" \/>\n<meta property=\"og:locale\" content=\"fr_FR\" \/>\n<meta property=\"og:type\" content=\"article\" \/>\n<meta property=\"og:title\" content=\"Le propre de l&#039;Homme - Partie 1 - Luc - Cercle Du Renouvellement Spirituel\" \/>\n<meta property=\"og:description\" content=\"Le propre de l&#039;Homme - Partie 1 - Luc\" \/>\n<meta property=\"og:url\" content=\"https:\/\/cercledurenouvellementspirituel.org\/?p=1021\" \/>\n<meta property=\"og:site_name\" content=\"Cercle Du Renouvellement Spirituel\" \/>\n<meta property=\"article:published_time\" content=\"2025-06-27T16:24:56+00:00\" \/>\n<meta property=\"article:modified_time\" content=\"2025-11-03T10:30:56+00:00\" \/>\n<meta property=\"og:image\" content=\"https:\/\/cercledurenouvellementspirituel.org\/wp-content\/uploads\/2025\/06\/Le-propre-de-lHomme-1.jpg\" \/>\n\t<meta property=\"og:image:width\" content=\"500\" \/>\n\t<meta property=\"og:image:height\" content=\"500\" \/>\n\t<meta property=\"og:image:type\" content=\"image\/jpeg\" \/>\n<meta name=\"author\" content=\"Luc Laforets\" \/>\n<meta name=\"twitter:card\" content=\"summary_large_image\" \/>\n<meta name=\"twitter:label1\" content=\"\u00c9crit par\" \/>\n\t<meta name=\"twitter:data1\" content=\"Luc Laforets\" \/>\n\t<meta name=\"twitter:label2\" content=\"Dur\u00e9e de lecture estim\u00e9e\" \/>\n\t<meta name=\"twitter:data2\" content=\"2 minutes\" \/>\n<script type=\"application\/ld+json\" class=\"yoast-schema-graph\">{\"@context\":\"https:\\\/\\\/schema.org\",\"@graph\":[{\"@type\":\"Article\",\"@id\":\"https:\\\/\\\/cercledurenouvellementspirituel.org\\\/?p=1021#article\",\"isPartOf\":{\"@id\":\"https:\\\/\\\/cercledurenouvellementspirituel.org\\\/?p=1021\"},\"author\":{\"name\":\"Luc Laforets\",\"@id\":\"https:\\\/\\\/cercledurenouvellementspirituel.org\\\/#\\\/schema\\\/person\\\/161685040f9f643dabe677bfc9528c39\"},\"headline\":\"Le propre de l&#8217;Homme &#8211; Partie 1 &#8211; Luc\",\"datePublished\":\"2025-06-27T16:24:56+00:00\",\"dateModified\":\"2025-11-03T10:30:56+00:00\",\"mainEntityOfPage\":{\"@id\":\"https:\\\/\\\/cercledurenouvellementspirituel.org\\\/?p=1021\"},\"wordCount\":481,\"commentCount\":0,\"publisher\":{\"@id\":\"https:\\\/\\\/cercledurenouvellementspirituel.org\\\/#organization\"},\"image\":{\"@id\":\"https:\\\/\\\/cercledurenouvellementspirituel.org\\\/?p=1021#primaryimage\"},\"thumbnailUrl\":\"https:\\\/\\\/cercledurenouvellementspirituel.org\\\/wp-content\\\/uploads\\\/2025\\\/06\\\/Le-propre-de-lHomme-1.jpg\",\"keywords\":[\"Homme\"],\"articleSection\":[\"Autres d\u00e9bats\"],\"inLanguage\":\"fr-FR\",\"potentialAction\":[{\"@type\":\"CommentAction\",\"name\":\"Comment\",\"target\":[\"https:\\\/\\\/cercledurenouvellementspirituel.org\\\/?p=1021#respond\"]}]},{\"@type\":\"WebPage\",\"@id\":\"https:\\\/\\\/cercledurenouvellementspirituel.org\\\/?p=1021\",\"url\":\"https:\\\/\\\/cercledurenouvellementspirituel.org\\\/?p=1021\",\"name\":\"Le propre de l'Homme - Partie 1 - Luc - Cercle Du Renouvellement Spirituel\",\"isPartOf\":{\"@id\":\"https:\\\/\\\/cercledurenouvellementspirituel.org\\\/#website\"},\"primaryImageOfPage\":{\"@id\":\"https:\\\/\\\/cercledurenouvellementspirituel.org\\\/?p=1021#primaryimage\"},\"image\":{\"@id\":\"https:\\\/\\\/cercledurenouvellementspirituel.org\\\/?p=1021#primaryimage\"},\"thumbnailUrl\":\"https:\\\/\\\/cercledurenouvellementspirituel.org\\\/wp-content\\\/uploads\\\/2025\\\/06\\\/Le-propre-de-lHomme-1.jpg\",\"datePublished\":\"2025-06-27T16:24:56+00:00\",\"dateModified\":\"2025-11-03T10:30:56+00:00\",\"description\":\"Le propre de l'Homme - Partie 1 - Luc\",\"breadcrumb\":{\"@id\":\"https:\\\/\\\/cercledurenouvellementspirituel.org\\\/?p=1021#breadcrumb\"},\"inLanguage\":\"fr-FR\",\"potentialAction\":[{\"@type\":\"ReadAction\",\"target\":[\"https:\\\/\\\/cercledurenouvellementspirituel.org\\\/?p=1021\"]}]},{\"@type\":\"ImageObject\",\"inLanguage\":\"fr-FR\",\"@id\":\"https:\\\/\\\/cercledurenouvellementspirituel.org\\\/?p=1021#primaryimage\",\"url\":\"https:\\\/\\\/cercledurenouvellementspirituel.org\\\/wp-content\\\/uploads\\\/2025\\\/06\\\/Le-propre-de-lHomme-1.jpg\",\"contentUrl\":\"https:\\\/\\\/cercledurenouvellementspirituel.org\\\/wp-content\\\/uploads\\\/2025\\\/06\\\/Le-propre-de-lHomme-1.jpg\",\"width\":500,\"height\":500},{\"@type\":\"BreadcrumbList\",\"@id\":\"https:\\\/\\\/cercledurenouvellementspirituel.org\\\/?p=1021#breadcrumb\",\"itemListElement\":[{\"@type\":\"ListItem\",\"position\":1,\"name\":\"Accueil\",\"item\":\"https:\\\/\\\/cercledurenouvellementspirituel.org\\\/\"},{\"@type\":\"ListItem\",\"position\":2,\"name\":\"Le propre de l&#8217;Homme &#8211; Partie 1 &#8211; Luc\"}]},{\"@type\":\"WebSite\",\"@id\":\"https:\\\/\\\/cercledurenouvellementspirituel.org\\\/#website\",\"url\":\"https:\\\/\\\/cercledurenouvellementspirituel.org\\\/\",\"name\":\"Cercle Du Renouvellement Spirituel\",\"description\":\"L\u00e9gitimer et donner de la substance \u00e0 un renouvellement Spirituel, \u00e0 la fois universel et sp\u00e9cifique ; \u00e0 partir de l&#039;\u00e9tude de la spiritualit\u00e9, et de son \u00e9tat \u00e0 notre \u00e9poque et en ce monde\",\"publisher\":{\"@id\":\"https:\\\/\\\/cercledurenouvellementspirituel.org\\\/#organization\"},\"alternateName\":\"CDRS\",\"potentialAction\":[{\"@type\":\"SearchAction\",\"target\":{\"@type\":\"EntryPoint\",\"urlTemplate\":\"https:\\\/\\\/cercledurenouvellementspirituel.org\\\/?s={search_term_string}\"},\"query-input\":{\"@type\":\"PropertyValueSpecification\",\"valueRequired\":true,\"valueName\":\"search_term_string\"}}],\"inLanguage\":\"fr-FR\"},{\"@type\":\"Organization\",\"@id\":\"https:\\\/\\\/cercledurenouvellementspirituel.org\\\/#organization\",\"name\":\"Cercle Du Renouvellement Spirituel\",\"alternateName\":\"CDRS\",\"url\":\"https:\\\/\\\/cercledurenouvellementspirituel.org\\\/\",\"logo\":{\"@type\":\"ImageObject\",\"inLanguage\":\"fr-FR\",\"@id\":\"https:\\\/\\\/cercledurenouvellementspirituel.org\\\/#\\\/schema\\\/logo\\\/image\\\/\",\"url\":\"https:\\\/\\\/cercledurenouvellementspirituel.org\\\/wp-content\\\/uploads\\\/2023\\\/02\\\/cropped-Logo-04.png\",\"contentUrl\":\"https:\\\/\\\/cercledurenouvellementspirituel.org\\\/wp-content\\\/uploads\\\/2023\\\/02\\\/cropped-Logo-04.png\",\"width\":500,\"height\":465,\"caption\":\"Cercle Du Renouvellement Spirituel\"},\"image\":{\"@id\":\"https:\\\/\\\/cercledurenouvellementspirituel.org\\\/#\\\/schema\\\/logo\\\/image\\\/\"},\"sameAs\":[\"https:\\\/\\\/www.youtube.com\\\/@cercledurenouvellementspirit\"]},{\"@type\":\"Person\",\"@id\":\"https:\\\/\\\/cercledurenouvellementspirituel.org\\\/#\\\/schema\\\/person\\\/161685040f9f643dabe677bfc9528c39\",\"name\":\"Luc Laforets\",\"image\":{\"@type\":\"ImageObject\",\"inLanguage\":\"fr-FR\",\"@id\":\"https:\\\/\\\/secure.gravatar.com\\\/avatar\\\/88f66ea6f2d20290bba8600480021f7c8bf87e137de51a15ae90e9a596c37ceb?s=96&d=mm&r=g\",\"url\":\"https:\\\/\\\/secure.gravatar.com\\\/avatar\\\/88f66ea6f2d20290bba8600480021f7c8bf87e137de51a15ae90e9a596c37ceb?s=96&d=mm&r=g\",\"contentUrl\":\"https:\\\/\\\/secure.gravatar.com\\\/avatar\\\/88f66ea6f2d20290bba8600480021f7c8bf87e137de51a15ae90e9a596c37ceb?s=96&d=mm&r=g\",\"caption\":\"Luc Laforets\"},\"sameAs\":[\"http:\\\/\\\/www.1P6R.org\"],\"url\":\"https:\\\/\\\/cercledurenouvellementspirituel.org\\\/?author=2\"}]}<\/script>\n<!-- \/ Yoast SEO plugin. -->","yoast_head_json":{"title":"Le propre de l'Homme - Partie 1 - Luc - Cercle Du Renouvellement Spirituel","description":"Le propre de l'Homme - Partie 1 - Luc","robots":{"index":"index","follow":"follow","max-snippet":"max-snippet:-1","max-image-preview":"max-image-preview:large","max-video-preview":"max-video-preview:-1"},"canonical":"https:\/\/cercledurenouvellementspirituel.org\/?p=1021","og_locale":"fr_FR","og_type":"article","og_title":"Le propre de l'Homme - Partie 1 - Luc - Cercle Du Renouvellement Spirituel","og_description":"Le propre de l'Homme - Partie 1 - Luc","og_url":"https:\/\/cercledurenouvellementspirituel.org\/?p=1021","og_site_name":"Cercle Du Renouvellement Spirituel","article_published_time":"2025-06-27T16:24:56+00:00","article_modified_time":"2025-11-03T10:30:56+00:00","og_image":[{"width":500,"height":500,"url":"https:\/\/cercledurenouvellementspirituel.org\/wp-content\/uploads\/2025\/06\/Le-propre-de-lHomme-1.jpg","type":"image\/jpeg"}],"author":"Luc Laforets","twitter_card":"summary_large_image","twitter_misc":{"\u00c9crit par":"Luc Laforets","Dur\u00e9e de lecture estim\u00e9e":"2 minutes"},"schema":{"@context":"https:\/\/schema.org","@graph":[{"@type":"Article","@id":"https:\/\/cercledurenouvellementspirituel.org\/?p=1021#article","isPartOf":{"@id":"https:\/\/cercledurenouvellementspirituel.org\/?p=1021"},"author":{"name":"Luc Laforets","@id":"https:\/\/cercledurenouvellementspirituel.org\/#\/schema\/person\/161685040f9f643dabe677bfc9528c39"},"headline":"Le propre de l&#8217;Homme &#8211; Partie 1 &#8211; Luc","datePublished":"2025-06-27T16:24:56+00:00","dateModified":"2025-11-03T10:30:56+00:00","mainEntityOfPage":{"@id":"https:\/\/cercledurenouvellementspirituel.org\/?p=1021"},"wordCount":481,"commentCount":0,"publisher":{"@id":"https:\/\/cercledurenouvellementspirituel.org\/#organization"},"image":{"@id":"https:\/\/cercledurenouvellementspirituel.org\/?p=1021#primaryimage"},"thumbnailUrl":"https:\/\/cercledurenouvellementspirituel.org\/wp-content\/uploads\/2025\/06\/Le-propre-de-lHomme-1.jpg","keywords":["Homme"],"articleSection":["Autres d\u00e9bats"],"inLanguage":"fr-FR","potentialAction":[{"@type":"CommentAction","name":"Comment","target":["https:\/\/cercledurenouvellementspirituel.org\/?p=1021#respond"]}]},{"@type":"WebPage","@id":"https:\/\/cercledurenouvellementspirituel.org\/?p=1021","url":"https:\/\/cercledurenouvellementspirituel.org\/?p=1021","name":"Le propre de l'Homme - Partie 1 - Luc - Cercle Du Renouvellement Spirituel","isPartOf":{"@id":"https:\/\/cercledurenouvellementspirituel.org\/#website"},"primaryImageOfPage":{"@id":"https:\/\/cercledurenouvellementspirituel.org\/?p=1021#primaryimage"},"image":{"@id":"https:\/\/cercledurenouvellementspirituel.org\/?p=1021#primaryimage"},"thumbnailUrl":"https:\/\/cercledurenouvellementspirituel.org\/wp-content\/uploads\/2025\/06\/Le-propre-de-lHomme-1.jpg","datePublished":"2025-06-27T16:24:56+00:00","dateModified":"2025-11-03T10:30:56+00:00","description":"Le propre de l'Homme - Partie 1 - Luc","breadcrumb":{"@id":"https:\/\/cercledurenouvellementspirituel.org\/?p=1021#breadcrumb"},"inLanguage":"fr-FR","potentialAction":[{"@type":"ReadAction","target":["https:\/\/cercledurenouvellementspirituel.org\/?p=1021"]}]},{"@type":"ImageObject","inLanguage":"fr-FR","@id":"https:\/\/cercledurenouvellementspirituel.org\/?p=1021#primaryimage","url":"https:\/\/cercledurenouvellementspirituel.org\/wp-content\/uploads\/2025\/06\/Le-propre-de-lHomme-1.jpg","contentUrl":"https:\/\/cercledurenouvellementspirituel.org\/wp-content\/uploads\/2025\/06\/Le-propre-de-lHomme-1.jpg","width":500,"height":500},{"@type":"BreadcrumbList","@id":"https:\/\/cercledurenouvellementspirituel.org\/?p=1021#breadcrumb","itemListElement":[{"@type":"ListItem","position":1,"name":"Accueil","item":"https:\/\/cercledurenouvellementspirituel.org\/"},{"@type":"ListItem","position":2,"name":"Le propre de l&#8217;Homme &#8211; Partie 1 &#8211; Luc"}]},{"@type":"WebSite","@id":"https:\/\/cercledurenouvellementspirituel.org\/#website","url":"https:\/\/cercledurenouvellementspirituel.org\/","name":"Cercle Du Renouvellement Spirituel","description":"L\u00e9gitimer et donner de la substance \u00e0 un renouvellement Spirituel, \u00e0 la fois universel et sp\u00e9cifique ; \u00e0 partir de l&#039;\u00e9tude de la spiritualit\u00e9, et de son \u00e9tat \u00e0 notre \u00e9poque et en ce monde","publisher":{"@id":"https:\/\/cercledurenouvellementspirituel.org\/#organization"},"alternateName":"CDRS","potentialAction":[{"@type":"SearchAction","target":{"@type":"EntryPoint","urlTemplate":"https:\/\/cercledurenouvellementspirituel.org\/?s={search_term_string}"},"query-input":{"@type":"PropertyValueSpecification","valueRequired":true,"valueName":"search_term_string"}}],"inLanguage":"fr-FR"},{"@type":"Organization","@id":"https:\/\/cercledurenouvellementspirituel.org\/#organization","name":"Cercle Du Renouvellement Spirituel","alternateName":"CDRS","url":"https:\/\/cercledurenouvellementspirituel.org\/","logo":{"@type":"ImageObject","inLanguage":"fr-FR","@id":"https:\/\/cercledurenouvellementspirituel.org\/#\/schema\/logo\/image\/","url":"https:\/\/cercledurenouvellementspirituel.org\/wp-content\/uploads\/2023\/02\/cropped-Logo-04.png","contentUrl":"https:\/\/cercledurenouvellementspirituel.org\/wp-content\/uploads\/2023\/02\/cropped-Logo-04.png","width":500,"height":465,"caption":"Cercle Du Renouvellement Spirituel"},"image":{"@id":"https:\/\/cercledurenouvellementspirituel.org\/#\/schema\/logo\/image\/"},"sameAs":["https:\/\/www.youtube.com\/@cercledurenouvellementspirit"]},{"@type":"Person","@id":"https:\/\/cercledurenouvellementspirituel.org\/#\/schema\/person\/161685040f9f643dabe677bfc9528c39","name":"Luc Laforets","image":{"@type":"ImageObject","inLanguage":"fr-FR","@id":"https:\/\/secure.gravatar.com\/avatar\/88f66ea6f2d20290bba8600480021f7c8bf87e137de51a15ae90e9a596c37ceb?s=96&d=mm&r=g","url":"https:\/\/secure.gravatar.com\/avatar\/88f66ea6f2d20290bba8600480021f7c8bf87e137de51a15ae90e9a596c37ceb?s=96&d=mm&r=g","contentUrl":"https:\/\/secure.gravatar.com\/avatar\/88f66ea6f2d20290bba8600480021f7c8bf87e137de51a15ae90e9a596c37ceb?s=96&d=mm&r=g","caption":"Luc Laforets"},"sameAs":["http:\/\/www.1P6R.org"],"url":"https:\/\/cercledurenouvellementspirituel.org\/?author=2"}]}},"_links":{"self":[{"href":"https:\/\/cercledurenouvellementspirituel.org\/index.php?rest_route=\/wp\/v2\/posts\/1021","targetHints":{"allow":["GET"]}}],"collection":[{"href":"https:\/\/cercledurenouvellementspirituel.org\/index.php?rest_route=\/wp\/v2\/posts"}],"about":[{"href":"https:\/\/cercledurenouvellementspirituel.org\/index.php?rest_route=\/wp\/v2\/types\/post"}],"author":[{"embeddable":true,"href":"https:\/\/cercledurenouvellementspirituel.org\/index.php?rest_route=\/wp\/v2\/users\/2"}],"replies":[{"embeddable":true,"href":"https:\/\/cercledurenouvellementspirituel.org\/index.php?rest_route=%2Fwp%2Fv2%2Fcomments&post=1021"}],"version-history":[{"count":9,"href":"https:\/\/cercledurenouvellementspirituel.org\/index.php?rest_route=\/wp\/v2\/posts\/1021\/revisions"}],"predecessor-version":[{"id":1125,"href":"https:\/\/cercledurenouvellementspirituel.org\/index.php?rest_route=\/wp\/v2\/posts\/1021\/revisions\/1125"}],"wp:featuredmedia":[{"embeddable":true,"href":"https:\/\/cercledurenouvellementspirituel.org\/index.php?rest_route=\/wp\/v2\/media\/1026"}],"wp:attachment":[{"href":"https:\/\/cercledurenouvellementspirituel.org\/index.php?rest_route=%2Fwp%2Fv2%2Fmedia&parent=1021"}],"wp:term":[{"taxonomy":"category","embeddable":true,"href":"https:\/\/cercledurenouvellementspirituel.org\/index.php?rest_route=%2Fwp%2Fv2%2Fcategories&post=1021"},{"taxonomy":"post_tag","embeddable":true,"href":"https:\/\/cercledurenouvellementspirituel.org\/index.php?rest_route=%2Fwp%2Fv2%2Ftags&post=1021"}],"curies":[{"name":"wp","href":"https:\/\/api.w.org\/{rel}","templated":true}]}}